{"id":46,"date":"2017-05-01T13:41:58","date_gmt":"2017-05-01T13:41:58","guid":{"rendered":"http:\/\/www.miniskunk.se\/?p=46"},"modified":"2020-04-15T19:35:07","modified_gmt":"2020-04-15T19:35:07","slug":"dags-for-en-upprustning-i-koket","status":"publish","type":"post","link":"http:\/\/www.miniskunk.se\/?p=46","title":{"rendered":"Dags f\u00f6r en upprustning i k\u00f6ket"},"content":{"rendered":"<p>&nbsp;<\/p>\n<p>Jag \u00e4r s\u00e5 himla sugen p\u00e5 att k\u00f6pa nya stolar till k\u00f6ket. Jag har f\u00f6rst\u00e5s redan stolar d\u00e4r men jag \u00e4r inte ett dugg n\u00f6jd med dem, de sm\u00e4lter liksom inte in med \u00f6vrig inredning p\u00e5 ett sk\u00f6nt och harmoniskt vis. Jag brukar gilla att handla inredning p\u00e5 loppis, men denna g\u00e5ng ska jag faktisk k\u00f6pa fr\u00e5n butik, f\u00f6r jag har hittat n\u00e5gra <a href=\"https:\/\/www.wegot.se\/mobler\/stolar\/matstolar\">stolar<\/a> p\u00e5 wegot.se som jag verkligen \u00e4lskar!<\/p>\n<p>Givetvis kommer jag att s\u00e4lja de stolar jag har, s\u00e5 att de kan f\u00e5 g\u00f6ra n\u00e5gon annan glad.<\/p>\n<p><strong>Man ska unna sig kvalitet<\/strong><\/p>\n<p>Inredning \u00e4r det b\u00e4sta jag vet och det \u00e4r vanligtvis detaljerna som g\u00f6r skillnaden. Jag byter saker som gardiner, kuddfodral och filtar ganska ofta och varje g\u00e5ng \u00e4r det som att man f\u00e5r ett nytt hem. Med sm\u00e5 medel g\u00f6r man stor skillnad. Nu ska jag dock g\u00f6ra en ganska saftig investering, f\u00f6r de stolar jag sett ut \u00e4r inte de billigaste ur sortimentet direkt, men n\u00e4r man hittar n\u00e5got man \u00e4lskar och faktiskt KAN investera i det s\u00e5 ska man v\u00e4l unna sig. Dessa stolar r\u00e4knar jag med att kunna ha i m\u00e5nga lyckliga \u00e5r och sedan finns det s\u00e4kert ett andrahandsv\u00e4rde p\u00e5 dem ocks\u00e5. Just de som jag sett ut kommer dessutom att \u00e5ldras med v\u00e4rdighet.<\/p>\n<p><strong>Inget utrymme f\u00f6r utsv\u00e4vningar<\/strong><\/p>\n<p>Det finns mycket som lockar n\u00e4r man v\u00e4l b\u00f6rjar handla, oavsett det \u00e4r onlinebutiker eller loppmarknader. Man vill liksom bara ha \u201dden grejen ocks\u00e5\u201d. Denna g\u00e5ng har jag dock sparat ihop en summa som ska g\u00e5 till stolarna, s\u00e5 det finns inte sv\u00e4ngrum f\u00f6r utsv\u00e4vningar.<\/p>\n","protected":false},"excerpt":{"rendered":"<p>&nbsp; Jag \u00e4r s\u00e5 himla sugen p\u00e5 att k\u00f6pa nya stolar till k\u00f6ket. Jag har f\u00f6rst\u00e5s redan stolar d\u00e4r men jag \u00e4r inte ett dugg n\u00f6jd med dem, de sm\u00e4lter liksom inte in med \u00f6vrig inredning p\u00e5 ett sk\u00f6nt och harmoniskt vis. Jag brukar gilla att handla inredning p\u00e5 loppis, men denna g\u00e5ng ska jag &#8230; <span class=\"more\"><a class=\"more-link\" href=\"http:\/\/www.miniskunk.se\/?p=46\">[Read more&#8230;]<\/a><\/span><\/p>\n","protected":false},"author":1,"featured_media":47,"comment_status":"closed","ping_status":"open","sticky":false,"template":"","format":"standard","meta":{"footnotes":""},"categories":[3],"tags":[],"_links":{"self":[{"href":"http:\/\/www.miniskunk.se\/index.php?rest_route=\/wp\/v2\/posts\/46"}],"collection":[{"href":"http:\/\/www.miniskunk.se\/index.php?rest_route=\/wp\/v2\/posts"}],"about":[{"href":"http:\/\/www.miniskunk.se\/index.php?rest_route=\/wp\/v2\/types\/post"}],"author":[{"embeddable":true,"href":"http:\/\/www.miniskunk.se\/index.php?rest_route=\/wp\/v2\/users\/1"}],"replies":[{"embeddable":true,"href":"http:\/\/www.miniskunk.se\/index.php?rest_route=%2Fwp%2Fv2%2Fcomments&post=46"}],"version-history":[{"count":2,"href":"http:\/\/www.miniskunk.se\/index.php?rest_route=\/wp\/v2\/posts\/46\/revisions"}],"predecessor-version":[{"id":77,"href":"http:\/\/www.miniskunk.se\/index.php?rest_route=\/wp\/v2\/posts\/46\/revisions\/77"}],"wp:featuredmedia":[{"embeddable":true,"href":"http:\/\/www.miniskunk.se\/index.php?rest_route=\/wp\/v2\/media\/47"}],"wp:attachment":[{"href":"http:\/\/www.miniskunk.se\/index.php?rest_route=%2Fwp%2Fv2%2Fmedia&parent=46"}],"wp:term":[{"taxonomy":"category","embeddable":true,"href":"http:\/\/www.miniskunk.se\/index.php?rest_route=%2Fwp%2Fv2%2Fcategories&post=46"},{"taxonomy":"post_tag","embeddable":true,"href":"http:\/\/www.miniskunk.se\/index.php?rest_route=%2Fwp%2Fv2%2Ftags&post=46"}],"curies":[{"name":"wp","href":"https:\/\/api.w.org\/{rel}","templated":true}]}}