{"id":27,"date":"2017-03-31T09:23:29","date_gmt":"2017-03-31T09:23:29","guid":{"rendered":"http:\/\/www.miniskunk.se\/?p=27"},"modified":"2018-02-10T18:03:49","modified_gmt":"2018-02-10T18:03:49","slug":"pynta-ja-stada-nej","status":"publish","type":"post","link":"http:\/\/www.miniskunk.se\/?p=27","title":{"rendered":"Pynta ja &#8211; st\u00e4da nej"},"content":{"rendered":"<p>Prydnadssaker, kuddfodral, vaser, sk\u00e5lar, lampsk\u00e4rmar, filtar, puffar, nya m\u00f6bler, nya gardiner &#8211; ja alla t\u00e4nkbara prylar \u00e4lskar jag att \u00e4gna min tid och min lust \u00e5t. Jag l\u00e4gger oh\u00e4lsosamt mycket tid p\u00e5 att pynta och dekorera &#8211; b\u00e5de hemma och p\u00e5 jobbet. Om det inte k\u00e4nns finns i den milj\u00f6 jag befinner mig s\u00e5 blir jag deprimerad. Dessutom tr\u00f6ttnar jag s\u00e5 himla fort, s\u00e5 prylar kommer och g\u00e5r precis hela tiden. Jag \u00e4r beroende av sajter som eBay, Tradera och Blocket.<\/p>\n<p>N\u00e5got jag d\u00e4remot inte gillar \u00e4r att st\u00e4da, plocka och h\u00e5lla ordning. Man kunder tro att det gick hand i hand med att vistas i milj\u00f6er man trivs i, men jag hatar att st\u00e4da. Jag \u00e4r ingen stor pysslare heller utan f\u00f6redrar att k\u00f6pa och s\u00e4lja grejer som de \u00e4r.<\/p>\n<h2>Nya f\u00f6nster<\/h2>\n<p>En sak som besv\u00e4rar mig nu \u00e4r f\u00f6nstren vi har hemma, f\u00f6r de \u00e4r gamla och s\u00e5klart charmiga p\u00e5 sitt s\u00e4tt, men de \u00e4r i behov av en helrenovering. Det kommer att kosta skjortan och eftersom de \u00e4r gamla och i tr\u00e4 s\u00e5 kommer de att beh\u00f6va renoveras med t\u00e4ta mellanrum. Det \u00e4r inte min grej alls.<\/p>\n<p>Jag har fattat beslutet att skaffa nya, <a href=\"https:\/\/www.westcoastwindows.se\">underh\u00e5llsfria f\u00f6nster<\/a>. De \u00e4r kanske inte lika charmiga som de gamla, men h\u00e4r f\u00e5r bekv\u00e4mligheten g\u00e5 f\u00f6re &#8211; det g\u00e5r ju bra att st\u00e4lla snygga krukor i f\u00f6nsterkarmarna, och rama in med fina gardiner \u00e4nd\u00e5!<\/p>\n<p>V\u00e5ra nya, underh\u00e5llsfria f\u00f6nster kommer att bli v\u00e5r stora investering i \u00e5r, och de kommer dessutom spara oss en del slantar i uppv\u00e4rmning!<\/p>\n","protected":false},"excerpt":{"rendered":"<p>Prydnadssaker, kuddfodral, vaser, sk\u00e5lar, lampsk\u00e4rmar, filtar, puffar, nya m\u00f6bler, nya gardiner &#8211; ja alla t\u00e4nkbara prylar \u00e4lskar jag att \u00e4gna min tid och min lust \u00e5t. Jag l\u00e4gger oh\u00e4lsosamt mycket tid p\u00e5 att pynta och dekorera &#8211; b\u00e5de hemma och p\u00e5 jobbet. Om det inte k\u00e4nns finns i den milj\u00f6 jag befinner mig s\u00e5 blir &#8230; <span class=\"more\"><a class=\"more-link\" href=\"http:\/\/www.miniskunk.se\/?p=27\">[Read more&#8230;]<\/a><\/span><\/p>\n","protected":false},"author":1,"featured_media":28,"comment_status":"closed","ping_status":"open","sticky":false,"template":"","format":"standard","meta":{"footnotes":""},"categories":[3],"tags":[],"_links":{"self":[{"href":"http:\/\/www.miniskunk.se\/index.php?rest_route=\/wp\/v2\/posts\/27"}],"collection":[{"href":"http:\/\/www.miniskunk.se\/index.php?rest_route=\/wp\/v2\/posts"}],"about":[{"href":"http:\/\/www.miniskunk.se\/index.php?rest_route=\/wp\/v2\/types\/post"}],"author":[{"embeddable":true,"href":"http:\/\/www.miniskunk.se\/index.php?rest_route=\/wp\/v2\/users\/1"}],"replies":[{"embeddable":true,"href":"http:\/\/www.miniskunk.se\/index.php?rest_route=%2Fwp%2Fv2%2Fcomments&post=27"}],"version-history":[{"count":3,"href":"http:\/\/www.miniskunk.se\/index.php?rest_route=\/wp\/v2\/posts\/27\/revisions"}],"predecessor-version":[{"id":69,"href":"http:\/\/www.miniskunk.se\/index.php?rest_route=\/wp\/v2\/posts\/27\/revisions\/69"}],"wp:featuredmedia":[{"embeddable":true,"href":"http:\/\/www.miniskunk.se\/index.php?rest_route=\/wp\/v2\/media\/28"}],"wp:attachment":[{"href":"http:\/\/www.miniskunk.se\/index.php?rest_route=%2Fwp%2Fv2%2Fmedia&parent=27"}],"wp:term":[{"taxonomy":"category","embeddable":true,"href":"http:\/\/www.miniskunk.se\/index.php?rest_route=%2Fwp%2Fv2%2Fcategories&post=27"},{"taxonomy":"post_tag","embeddable":true,"href":"http:\/\/www.miniskunk.se\/index.php?rest_route=%2Fwp%2Fv2%2Ftags&post=27"}],"curies":[{"name":"wp","href":"https:\/\/api.w.org\/{rel}","templated":true}]}}